{"id":106,"date":"2018-07-27T10:54:26","date_gmt":"2018-07-27T13:54:26","guid":{"rendered":"http:\/\/www.cottonbaby.com.br\/blog\/?p=106"},"modified":"2022-09-16T10:53:20","modified_gmt":"2022-09-16T13:53:20","slug":"dia-do-pediatra","status":"publish","type":"post","link":"https:\/\/www.cottonbaby.com.br\/blog\/sua-familia\/dia-do-pediatra\/","title":{"rendered":"27 de julho: Dia do Pediatra \ud83d\udc9c"},"content":{"rendered":"<h3 class=\"_2cuy _3dgx _2vxa\">Se o s\u00edmbolo do futuro \u00e9 a crian\u00e7a, quem cuida delas tamb\u00e9m \u00e9 respons\u00e1vel por moldar o amanh\u00e3, n\u00e9? S\u00e3o os profissionais que t\u00eam compromisso com a vida desde o seu in\u00edcio, acompanhando e guiando os primeiros passos, palavras, erros e acertos. Ela \u00e9 a especialidade m\u00e9dica dedicada \u00e0 assist\u00eancia biol\u00f3gica, psicol\u00f3gica e social da crian\u00e7a, do nascimento at\u00e9 a adolesc\u00eancia. Nesta semana \u00e9 celebrado o Dia do Pediatra no Brasil!<\/h3>\n<p class=\"_2cuy _3dgx _2vxa\">O dia 27 de julho resgata a data de funda\u00e7\u00e3o da Sociedade Brasileira de Pediatria, no ano de 1910. Dentro das &#8220;tarefas&#8221; de um pediatra est\u00e1 educar pais e m\u00e3es sobre o aleitamento materno, imuniza\u00e7\u00f5es (vacinas), preven\u00e7\u00e3o de acidentes, al\u00e9m do acompanhamento e das orienta\u00e7\u00f5es necess\u00e1rias a um crescimento e desenvolvimento saud\u00e1veis, al\u00e9m de executar diversos procedimentos e tratamentos das mais diversas doen\u00e7as e condi\u00e7\u00f5es.<\/p>\n<h3 class=\"_2cuy _50a1 _2vxa\">O que significa <span class=\"_4yxp\">pediatria<\/span>?<\/h3>\n<div class=\"_2cuy _3dgx _2vxa\">O termo &#8220;pediatria&#8221; foi criado em meados do s\u00e9culo 19, quando os primeiros centros m\u00e9dicos de atendimento especializados surgiram na Europa devido aos elevados \u00edndices de mortalidade infantil, e tem origem grega, <span class=\"_4yxp\">paidos<\/span> (crian\u00e7a) e <span class=\"_4yxp\">iatreia<\/span> (processo de cura).<\/div>\n<h3 class=\"_2cuy _50a1 _2vxa\">Um pouquinho de hist\u00f3ria<\/h3>\n<div class=\"_2cuy _3dgx _2vxa\">O pioneiro foi o &#8220;Hospital das Crian\u00e7as Doen\u00e7as&#8221;, que abriu as portas na Fran\u00e7a em 1802. Nos Estados Unidos, a novidade chegou em 1855, na Filad\u00e9lfia. Nesse per\u00edodo, destacaram-se nomes com Dr. George Frederic, m\u00e9dico ingl\u00eas que escreveu &#8220;Desordens e Doen\u00e7as Comuns das Crian\u00e7as&#8221; e o Dr. Abraham Jacobi, alem\u00e3o que emigrou para os EUA e \u00e9 considerado o pai da pediatria na Am\u00e9rica. Chegando aqui, a Sociedade Brasileira de Pediatria (SBP) foi fundada, por Dr. Fernandes Figueira, no Rio de Janeiro, em 27 de julho de 1910, quando alguns m\u00e9dicos se organizaram numa associa\u00e7\u00e3o que deu origem \u00e0 hoje centen\u00e1ria entidade,que tem atua como a representante m\u00e1xima dos interesses da especialidade no Pa\u00eds.<\/div>\n<h3 class=\"_2cuy _50a1 _2vxa\">Perfil do pediatra brasileiro<\/h3>\n<div class=\"_2cuy _3dgx _2vxa\">O pediatra \u00e9 o m\u00e9dico mais capacitado e qualificado para entender toda a complexidade das fases da vida de um indiv\u00edduo do nascimento at\u00e9 os 19 anos de idade. Atualmente, existem aproximadamente 40 mil pediatras em atividade no Brasil (o que resulta na raz\u00e3o de 20 pediatras por 100.000 habitantes). A forma\u00e7\u00e3o do m\u00e9dico pediatra \u00e9 de, al\u00e9m da faculdade de medicina, mais tr\u00eas anos de resid\u00eancia m\u00e9dica em pediatria geral e, se o profissional desejar, pode seguir por mais dois ou tr\u00eas anos de resid\u00eancia m\u00e9dica em uma especialidade pedi\u00e1trica.<\/div>\n<div><\/div>\n<div class=\"_2cuy _3dgx _2vxa\">Atualmente, h\u00e1 cerca de 35 mil pediatras em atividade no Brasil. Quem \u00e9 pai, m\u00e3e ou respons\u00e1vel por uma crian\u00e7a ou adolescente pode contar com o apoio de cada um deles para assegurar o desenvolvimento f\u00edsico, mental e emocional das novas gera\u00e7\u00f5es.<\/div>\n<h3 class=\"_2cuy _50a1 _2vxa\">&#8220;Toda crian\u00e7a deve ter um pediatra para chamar de seu&#8221;<\/h3>\n<div class=\"_2cuy _3dgx _2vxa\">Os pediatras &#8211; e todos os profissionais que lidam com crian\u00e7as e adolescentes &#8211; sentem prazer genu\u00edno ao lidar com eles e suas fam\u00edlias e buscam o desempenho de suas tarefas com compet\u00eancia, prazer, habilidade, seguran\u00e7a, paci\u00eancia e empatia, contribuindo de fato para estes indiv\u00edduos. Esses especialistas devem cuidar de seus pacientes com t\u00e9cnica e humanidade, respeitando suas caracter\u00edsticas e peculiaridades e conhecendo os interesses e habilidades das diferentes faixas et\u00e1rias -uma consulta de um rec\u00e9m-nascido \u00e9 diferente da de um pr\u00e9-escolar e da de um adolescente.<\/div>\n<div><\/div>\n<div class=\"_2cuy _3dgx _2vxa\">Toda crian\u00e7a e adolescente deve ter um pediatra que o conhe\u00e7a e o acompanhe nos seus processos de crescimento e desenvolvimento! \u00c9 importante ouvir o que eles t\u00eam a dizer nas consultas, tirar com eles todas as d\u00favidas sobre o que se relaciona \u00e0 sa\u00fade dos mais jovens e seguir suas recomenda\u00e7\u00f5es. <span class=\"_4yxo\">&#8220;Toda crian\u00e7a deve ter um pediatra para chamar de seu.&#8221; Esse \u00e9 o lema e sonho da Sociedade Brasileira de Pediatria e de todos n\u00f3s. <\/span><\/div>\n<h2 class=\"_2cuy _509y _2vxa\"><span class=\"_4yxo\">Feliz Dia do Pediatra!<\/span><\/h2>\n","protected":false},"excerpt":{"rendered":"<p>Se o s\u00edmbolo do futuro \u00e9 a crian\u00e7a, quem cuida delas tamb\u00e9m \u00e9 respons\u00e1vel por moldar o amanh\u00e3, n\u00e9? S\u00e3o os profissionais que t\u00eam compromisso com a vida desde o seu in\u00edcio, acompanhando e guiando [&hellip;]<\/p>\n","protected":false},"author":2,"featured_media":107,"comment_status":"open","ping_status":"open","sticky":false,"template":"","format":"standard","meta":{"footnotes":""},"categories":[87],"tags":[369,368],"class_list":["post-106","post","type-post","status-publish","format-standard","has-post-thumbnail","hentry","category-sua-familia","tag-27dejulho","tag-pediatra"],"_links":{"self":[{"href":"https:\/\/www.cottonbaby.com.br\/blog\/wp-json\/wp\/v2\/posts\/106","targetHints":{"allow":["GET"]}}],"collection":[{"href":"https:\/\/www.cottonbaby.com.br\/blog\/wp-json\/wp\/v2\/posts"}],"about":[{"href":"https:\/\/www.cottonbaby.com.br\/blog\/wp-json\/wp\/v2\/types\/post"}],"author":[{"embeddable":true,"href":"https:\/\/www.cottonbaby.com.br\/blog\/wp-json\/wp\/v2\/users\/2"}],"replies":[{"embeddable":true,"href":"https:\/\/www.cottonbaby.com.br\/blog\/wp-json\/wp\/v2\/comments?post=106"}],"version-history":[{"count":1,"href":"https:\/\/www.cottonbaby.com.br\/blog\/wp-json\/wp\/v2\/posts\/106\/revisions"}],"predecessor-version":[{"id":108,"href":"https:\/\/www.cottonbaby.com.br\/blog\/wp-json\/wp\/v2\/posts\/106\/revisions\/108"}],"wp:featuredmedia":[{"embeddable":true,"href":"https:\/\/www.cottonbaby.com.br\/blog\/wp-json\/wp\/v2\/media\/107"}],"wp:attachment":[{"href":"https:\/\/www.cottonbaby.com.br\/blog\/wp-json\/wp\/v2\/media?parent=106"}],"wp:term":[{"taxonomy":"category","embeddable":true,"href":"https:\/\/www.cottonbaby.com.br\/blog\/wp-json\/wp\/v2\/categories?post=106"},{"taxonomy":"post_tag","embeddable":true,"href":"https:\/\/www.cottonbaby.com.br\/blog\/wp-json\/wp\/v2\/tags?post=106"}],"curies":[{"name":"wp","href":"https:\/\/api.w.org\/{rel}","templated":true}]}}